{"id":668,"__str__":"Requerimento n\u00ba 12 de 2026 | Proposi\u00e7\u00e3o inclusa na Ordem do Dia | 06/02/2026","link_detail_backend":"/materia/tramitacao/668","metadata":{},"timestamp":"2026-03-27T10:38:12.779569-03:00","data_tramitacao":"2026-02-06","data_encaminhamento":"2026-02-06","urgente":false,"turno":"U","texto":"Para aprecia\u00e7\u00e3o \u00fanica","data_fim_prazo":"2026-02-06","ip":"45.191.26.91","ultima_edicao":"2026-03-27T10:38:12.305930-03:00","status":18,"materia":1691,"unidade_tramitacao_local":2,"unidade_tramitacao_destino":3,"user":3}