{"id":55,"__str__":"Requerimento n\u00ba 164 de 2025 | Proposi\u00e7\u00e3o apresentada em Plen\u00e1rio | 22/08/2025","link_detail_backend":"/materia/tramitacao/55","metadata":{},"timestamp":"2025-08-22T09:48:34.937923-03:00","data_tramitacao":"2025-08-22","data_encaminhamento":"2025-08-22","urgente":false,"turno":"U","texto":"Proposi\u00e7\u00e3o apresentada em Plen\u00e1rio.","data_fim_prazo":"2025-08-22","ip":"45.191.26.66","ultima_edicao":"2025-08-22T10:00:23.050762-03:00","status":11,"materia":16,"unidade_tramitacao_local":2,"unidade_tramitacao_destino":3,"user":3}