{"id":452,"__str__":"Requerimento n\u00ba 228 de 2025 | Proposi\u00e7\u00e3o inclusa na Ordem do Dia | 28/11/2025","link_detail_backend":"/materia/tramitacao/452","metadata":{},"timestamp":"2025-11-28T08:35:12.316922-03:00","data_tramitacao":"2025-11-28","data_encaminhamento":"2025-11-28","urgente":false,"turno":"U","texto":"Para aprecia\u00e7\u00e3o \u00fanica","data_fim_prazo":"2025-11-28","ip":"45.191.26.78","ultima_edicao":"2025-11-28T08:35:12.302299-03:00","status":18,"materia":97,"unidade_tramitacao_local":2,"unidade_tramitacao_destino":3,"user":3}