{"id":340,"__str__":"Requerimento n\u00ba 113 de 2024","link_detail_backend":"/materia/340","metadata":{},"numero":113,"ano":2024,"numero_protocolo":null,"data_apresentacao":"2024-05-23","tipo_apresentacao":"O","data_publicacao":null,"numero_origem_externa":"","ano_origem_externa":null,"data_origem_externa":null,"apelido":"","dias_prazo":null,"data_fim_prazo":"2024-06-07","em_tramitacao":true,"polemica":false,"objeto":"","complementar":false,"ementa":"Requer a cria\u00e7\u00e3o de um centro de educa\u00e7\u00e3o especializada para crian\u00e7as portadores do espectro autista e pessoas com defici\u00eancias.","indexacao":"","observacao":"","resultado":"","texto_original":"http://sapl.chorozinho.ce.leg.br/media/sapl/public/materialegislativa/2024/340/113samilly.pdf","data_ultima_atualizacao":"2025-12-15T11:58:36.652445-03:00","ip":"45.191.26.71","ultima_edicao":"2025-12-15T11:56:08.205998-03:00","tipo":7,"regime_tramitacao":1,"tipo_origem_externa":null,"local_origem_externa":null,"user":6,"anexadas":[],"autores":[]}